[{"@context":"https:\/\/schema.org\/","@type":"Article","@id":"https:\/\/www.ycpk.cz\/na-brehu-reky\/#Article","mainEntityOfPage":"https:\/\/www.ycpk.cz\/na-brehu-reky\/","headline":"Na b\u0159ehu \u0159eky","name":"Na b\u0159ehu \u0159eky","description":"Bydl\u00edm u \u0159eky a ned\u00e1vno jsem byl sv\u011bdkem toho, jak lid\u00e9 stoj\u00edc\u00ed vysoko na plo\u0161in\u00e1ch &hellip; ","datePublished":"2025-08-30","dateModified":"2025-08-30","author":{"@type":"Person","@id":"https:\/\/www.ycpk.cz\/author\/devene\/#Person","name":"devene","url":"https:\/\/www.ycpk.cz\/author\/devene\/","identifier":1,"image":{"@type":"ImageObject","@id":"https:\/\/secure.gravatar.com\/avatar\/fb50772173929303fbe6024f179e4dd9837c71f6efc661bdb046860d442d05b5?s=96&d=mm&r=g","url":"https:\/\/secure.gravatar.com\/avatar\/fb50772173929303fbe6024f179e4dd9837c71f6efc661bdb046860d442d05b5?s=96&d=mm&r=g","height":96,"width":96}},"publisher":{"@type":"Organization","name":"ycpk.cz","logo":{"@type":"ImageObject","@id":"\/logo.png","url":"\/logo.png","width":600,"height":60}},"url":"https:\/\/www.ycpk.cz\/na-brehu-reky\/","wordCount":171,"articleBody":"Bydl\u00edm u \u0159eky a ned\u00e1vno jsem byl sv\u011bdkem toho, jak lid\u00e9 stoj\u00edc\u00ed vysoko na plo\u0161in\u00e1ch upravovali, pota\u017emo k\u00e1celi stromy. Mu\u017ei, kte\u0159\u00ed na strom\u011b od\u0159ez\u00e1vali v\u011btve, ji nejd\u0159\u00edv p\u0159iv\u00e1zali, od\u0159\u00edzli a potom pomalu spustili na zem. Museli pracovat opatrn\u011b, proto\u017ee stromy st\u00e1ly bl\u00edzko dom\u016f. A oni nesm\u011bli po\u0161kodit st\u0159echu, nebo rozb\u00edt okno. L\u00edbila se mi zru\u010dnost, s jakou celou akci prov\u00e1d\u011bli. K\u00e1cen\u00ed stromu Na b\u0159ehu \u0159eky dva mu\u017ei k\u00e1celi strom. Strom m\u011bl ji\u017e shozenou korunu, kdy\u017e jsem tam p\u0159i\u0161el, a d\u0159evorubci pr\u00e1v\u011b k\u00e1celi kmen. V\u017edy \u010d\u00e1st kmene p\u0159iv\u00e1zali, od\u0159\u00edzli a pak opatrn\u011b spustili. Pot\u00e9 sjeli trochu n\u00ed\u017ee a akci opakovali. Nedokoukal jsem se a\u017e do konce, musel jsem odej\u00edt. Je v\u0161ak naprosto jist\u00e9, \u017ee bez plo\u0161in by oba mu\u017ei tak zru\u010dn\u011b a kvalitn\u011b pracovat nemohli.                                                                                                                                                                                                                                                                                                                                                                                                "},{"@context":"https:\/\/schema.org\/","@type":"BreadcrumbList","itemListElement":[{"@type":"ListItem","position":1,"name":"Na b\u0159ehu \u0159eky","item":"https:\/\/www.ycpk.cz\/na-brehu-reky\/#breadcrumbitem"}]}]