[{"@context":"https:\/\/schema.org\/","@type":"Blog","@id":"https:\/\/www.ycpk.cz#Blog","headline":"Ycpk","description":"\nChcete m\u00edt v\u017edy dost pen\u011bz? Pokud ano, pot\u0159ebujete dostate\u010dn\u00e9 p\u0159\u00edjmy ze sv\u00e9 pr\u00e1ce a pochopiteln\u011b i notn\u00fd kus \u0161t\u011bst\u00ed, aby tyto sta\u010dily a nevyschly.","url":"https:\/\/www.ycpk.cz","hasPart":[{"@type":"Article","@id":"https:\/\/www.ycpk.cz\/krasne-a-hnede-opaleni-bez-nutnosti-slunce\/","headline":"Kr\u00e1sn\u00e9 a hn\u011bd\u00e9 op\u00e1len\u00ed bez nutnosti slunce","url":"https:\/\/www.ycpk.cz\/krasne-a-hnede-opaleni-bez-nutnosti-slunce\/","datePublished":"2017-05-12","dateModified":"2023-11-09","mainEntityOfPage":"https:\/\/www.ycpk.cz\/krasne-a-hnede-opaleni-bez-nutnosti-slunce\/","author":{"@type":"Person","@id":"https:\/\/www.ycpk.cz\/author\/devene\/#Person","name":"devene","url":"https:\/\/www.ycpk.cz\/author\/devene\/","identifier":1,"image":{"@type":"ImageObject","@id":"https:\/\/secure.gravatar.com\/avatar\/fb50772173929303fbe6024f179e4dd9837c71f6efc661bdb046860d442d05b5?s=96&d=mm&r=g","url":"https:\/\/secure.gravatar.com\/avatar\/fb50772173929303fbe6024f179e4dd9837c71f6efc661bdb046860d442d05b5?s=96&d=mm&r=g","height":96,"width":96}},"publisher":{"@type":"Organization","name":"ycpk.cz","logo":{"@type":"ImageObject","@id":"\/logo.png","url":"\/logo.png","width":600,"height":60}},"image":{"@type":"ImageObject","@id":"https:\/\/www.ycpk.cz\/wp-content\/uploads\/img_a287274_w2082_t1497864439.jpg","url":"https:\/\/www.ycpk.cz\/wp-content\/uploads\/img_a287274_w2082_t1497864439.jpg","height":0,"width":0},"wordCount":545,"keywords":null},{"@type":"Article","@id":"https:\/\/www.ycpk.cz\/obratte-se-na-specialisty-kteri-vas-nezklamou\/","headline":"Obra\u0165te se na specialisty, kte\u0159\u00ed v\u00e1s nezklamou","url":"https:\/\/www.ycpk.cz\/obratte-se-na-specialisty-kteri-vas-nezklamou\/","datePublished":"2017-04-20","dateModified":"2023-05-01","mainEntityOfPage":"https:\/\/www.ycpk.cz\/obratte-se-na-specialisty-kteri-vas-nezklamou\/","author":{"@type":"Person","@id":"https:\/\/www.ycpk.cz\/author\/devene\/#Person","name":"devene","url":"https:\/\/www.ycpk.cz\/author\/devene\/","identifier":1,"image":{"@type":"ImageObject","@id":"https:\/\/secure.gravatar.com\/avatar\/fb50772173929303fbe6024f179e4dd9837c71f6efc661bdb046860d442d05b5?s=96&d=mm&r=g","url":"https:\/\/secure.gravatar.com\/avatar\/fb50772173929303fbe6024f179e4dd9837c71f6efc661bdb046860d442d05b5?s=96&d=mm&r=g","height":96,"width":96}},"publisher":{"@type":"Organization","name":"ycpk.cz","logo":{"@type":"ImageObject","@id":"\/logo.png","url":"\/logo.png","width":600,"height":60}},"image":{"@type":"ImageObject","@id":"https:\/\/www.ycpk.cz\/wp-content\/uploads\/img_a287992_w2218_t1498500296.jpg","url":"https:\/\/www.ycpk.cz\/wp-content\/uploads\/img_a287992_w2218_t1498500296.jpg","height":0,"width":0},"wordCount":535,"keywords":null},{"@type":"Article","@id":"https:\/\/www.ycpk.cz\/i-sportovec-se-musi-nekam-dopravit\/","headline":"I sportovec se mus\u00ed n\u011bkam dopravit","url":"https:\/\/www.ycpk.cz\/i-sportovec-se-musi-nekam-dopravit\/","datePublished":"2017-03-29","dateModified":"2023-05-01","mainEntityOfPage":"https:\/\/www.ycpk.cz\/i-sportovec-se-musi-nekam-dopravit\/","author":{"@type":"Person","@id":"https:\/\/www.ycpk.cz\/author\/devene\/#Person","name":"devene","url":"https:\/\/www.ycpk.cz\/author\/devene\/","identifier":1,"image":{"@type":"ImageObject","@id":"https:\/\/secure.gravatar.com\/avatar\/fb50772173929303fbe6024f179e4dd9837c71f6efc661bdb046860d442d05b5?s=96&d=mm&r=g","url":"https:\/\/secure.gravatar.com\/avatar\/fb50772173929303fbe6024f179e4dd9837c71f6efc661bdb046860d442d05b5?s=96&d=mm&r=g","height":96,"width":96}},"publisher":{"@type":"Organization","name":"ycpk.cz","logo":{"@type":"ImageObject","@id":"\/logo.png","url":"\/logo.png","width":600,"height":60}},"image":{"@type":"ImageObject","@id":"https:\/\/www.ycpk.cz\/wp-content\/uploads\/art286425_1x1_20260817_093827_i9sjwD.jpg","url":"https:\/\/www.ycpk.cz\/wp-content\/uploads\/art286425_1x1_20260817_093827_i9sjwD.jpg","height":0,"width":0},"wordCount":565,"keywords":null},{"@type":"Article","@id":"https:\/\/www.ycpk.cz\/navstivte-lanovy-park\/","headline":"Nav\u0161tivte lanov\u00fd park","url":"https:\/\/www.ycpk.cz\/navstivte-lanovy-park\/","datePublished":"2017-02-26","dateModified":"2023-05-01","mainEntityOfPage":"https:\/\/www.ycpk.cz\/navstivte-lanovy-park\/","author":{"@type":"Person","@id":"https:\/\/www.ycpk.cz\/author\/devene\/#Person","name":"devene","url":"https:\/\/www.ycpk.cz\/author\/devene\/","identifier":1,"image":{"@type":"ImageObject","@id":"https:\/\/secure.gravatar.com\/avatar\/fb50772173929303fbe6024f179e4dd9837c71f6efc661bdb046860d442d05b5?s=96&d=mm&r=g","url":"https:\/\/secure.gravatar.com\/avatar\/fb50772173929303fbe6024f179e4dd9837c71f6efc661bdb046860d442d05b5?s=96&d=mm&r=g","height":96,"width":96}},"publisher":{"@type":"Organization","name":"ycpk.cz","logo":{"@type":"ImageObject","@id":"\/logo.png","url":"\/logo.png","width":600,"height":60}},"image":{"@type":"ImageObject","@id":"https:\/\/www.ycpk.cz\/wp-content\/uploads\/art284520_4x3_20260816_004219_BT0tpK.jpg","url":"https:\/\/www.ycpk.cz\/wp-content\/uploads\/art284520_4x3_20260816_004219_BT0tpK.jpg","height":0,"width":0},"wordCount":546,"keywords":null},{"@type":"Article","@id":"https:\/\/www.ycpk.cz\/mravenci-nejsou-jen-obtizny-hmyz\/","headline":"Mravenci nejsou jen obt\u00ed\u017en\u00fd hmyz","url":"https:\/\/www.ycpk.cz\/mravenci-nejsou-jen-obtizny-hmyz\/","datePublished":"2017-02-25","dateModified":"2023-05-01","mainEntityOfPage":"https:\/\/www.ycpk.cz\/mravenci-nejsou-jen-obtizny-hmyz\/","author":{"@type":"Person","@id":"https:\/\/www.ycpk.cz\/author\/devene\/#Person","name":"devene","url":"https:\/\/www.ycpk.cz\/author\/devene\/","identifier":1,"image":{"@type":"ImageObject","@id":"https:\/\/secure.gravatar.com\/avatar\/fb50772173929303fbe6024f179e4dd9837c71f6efc661bdb046860d442d05b5?s=96&d=mm&r=g","url":"https:\/\/secure.gravatar.com\/avatar\/fb50772173929303fbe6024f179e4dd9837c71f6efc661bdb046860d442d05b5?s=96&d=mm&r=g","height":96,"width":96}},"publisher":{"@type":"Organization","name":"ycpk.cz","logo":{"@type":"ImageObject","@id":"\/logo.png","url":"\/logo.png","width":600,"height":60}},"image":{"@type":"ImageObject","@id":"https:\/\/www.ycpk.cz\/wp-content\/uploads\/art284456_16x9_20260814_120327_5iWoAr.jpg","url":"https:\/\/www.ycpk.cz\/wp-content\/uploads\/art284456_16x9_20260814_120327_5iWoAr.jpg","height":0,"width":0},"wordCount":505,"keywords":null},{"@type":"Article","@id":"https:\/\/www.ycpk.cz\/sazeni-pro-vsechny\/","headline":"S\u00e1zen\u00ed pro v\u0161echny","url":"https:\/\/www.ycpk.cz\/sazeni-pro-vsechny\/","datePublished":"2016-11-15","dateModified":"2023-05-01","mainEntityOfPage":"https:\/\/www.ycpk.cz\/sazeni-pro-vsechny\/","author":{"@type":"Person","@id":"https:\/\/www.ycpk.cz\/author\/devene\/#Person","name":"devene","url":"https:\/\/www.ycpk.cz\/author\/devene\/","identifier":1,"image":{"@type":"ImageObject","@id":"https:\/\/secure.gravatar.com\/avatar\/fb50772173929303fbe6024f179e4dd9837c71f6efc661bdb046860d442d05b5?s=96&d=mm&r=g","url":"https:\/\/secure.gravatar.com\/avatar\/fb50772173929303fbe6024f179e4dd9837c71f6efc661bdb046860d442d05b5?s=96&d=mm&r=g","height":96,"width":96}},"publisher":{"@type":"Organization","name":"ycpk.cz","logo":{"@type":"ImageObject","@id":"\/logo.png","url":"\/logo.png","width":600,"height":60}},"image":{"@type":"ImageObject","@id":"https:\/\/www.ycpk.cz\/wp-content\/uploads\/img_a278674_w1751_t1602484894.jpg","url":"https:\/\/www.ycpk.cz\/wp-content\/uploads\/img_a278674_w1751_t1602484894.jpg","height":0,"width":0},"wordCount":511,"keywords":null}]},{"@context":"https:\/\/schema.org","@type":"WebSite","@id":"https:\/\/www.ycpk.cz\/#website","name":"Ycpk","url":"https:\/\/www.ycpk.cz","potentialAction":{"@type":"SearchAction","target":"https:\/\/www.ycpk.cz\/?s={search_term_string}","query-input":"required name=search_term_string"}}]