[{"@context":"https:\/\/schema.org\/","@type":"Blog","@id":"https:\/\/www.ycpk.cz#Blog","headline":"Ycpk","description":"\nChcete m\u00edt v\u017edy dost pen\u011bz? Pokud ano, pot\u0159ebujete dostate\u010dn\u00e9 p\u0159\u00edjmy ze sv\u00e9 pr\u00e1ce a pochopiteln\u011b i notn\u00fd kus \u0161t\u011bst\u00ed, aby tyto sta\u010dily a nevyschly.","url":"https:\/\/www.ycpk.cz","hasPart":[{"@type":"Article","@id":"https:\/\/www.ycpk.cz\/cetba-jako-relaxace\/","headline":"\u010cetba jako relaxace","url":"https:\/\/www.ycpk.cz\/cetba-jako-relaxace\/","datePublished":"2025-03-02","dateModified":"2023-05-01","mainEntityOfPage":"https:\/\/www.ycpk.cz\/cetba-jako-relaxace\/","author":{"@type":"Person","@id":"https:\/\/www.ycpk.cz\/author\/devene\/#Person","name":"devene","url":"https:\/\/www.ycpk.cz\/author\/devene\/","identifier":1,"image":{"@type":"ImageObject","@id":"https:\/\/secure.gravatar.com\/avatar\/fb50772173929303fbe6024f179e4dd9837c71f6efc661bdb046860d442d05b5?s=96&d=mm&r=g","url":"https:\/\/secure.gravatar.com\/avatar\/fb50772173929303fbe6024f179e4dd9837c71f6efc661bdb046860d442d05b5?s=96&d=mm&r=g","height":96,"width":96}},"publisher":{"@type":"Organization","name":"ycpk.cz","logo":{"@type":"ImageObject","@id":"\/logo.png","url":"\/logo.png","width":600,"height":60}},"image":{"@type":"ImageObject","@id":"https:\/\/www.ycpk.cz\/wp-content\/uploads\/img_a319476_w2530_t1530516593.jpg","url":"https:\/\/www.ycpk.cz\/wp-content\/uploads\/img_a319476_w2530_t1530516593.jpg","height":0,"width":0},"wordCount":617,"keywords":null},{"@type":"Article","@id":"https:\/\/www.ycpk.cz\/jod-dulezity-prvek-pro-stitnou-zlazu\/","headline":"Jod: d\u016fle\u017eit\u00fd prvek pro \u0161t\u00edtnou \u017el\u00e1zu","url":"https:\/\/www.ycpk.cz\/jod-dulezity-prvek-pro-stitnou-zlazu\/","datePublished":"2025-03-02","dateModified":"2023-05-01","mainEntityOfPage":"https:\/\/www.ycpk.cz\/jod-dulezity-prvek-pro-stitnou-zlazu\/","author":{"@type":"Person","@id":"https:\/\/www.ycpk.cz\/author\/devene\/#Person","name":"devene","url":"https:\/\/www.ycpk.cz\/author\/devene\/","identifier":1,"image":{"@type":"ImageObject","@id":"https:\/\/secure.gravatar.com\/avatar\/fb50772173929303fbe6024f179e4dd9837c71f6efc661bdb046860d442d05b5?s=96&d=mm&r=g","url":"https:\/\/secure.gravatar.com\/avatar\/fb50772173929303fbe6024f179e4dd9837c71f6efc661bdb046860d442d05b5?s=96&d=mm&r=g","height":96,"width":96}},"publisher":{"@type":"Organization","name":"ycpk.cz","logo":{"@type":"ImageObject","@id":"\/logo.png","url":"\/logo.png","width":600,"height":60}},"image":{"@type":"ImageObject","@id":"https:\/\/www.ycpk.cz\/wp-content\/uploads\/img_a339650_w1896_t1552821759.jpg","url":"https:\/\/www.ycpk.cz\/wp-content\/uploads\/img_a339650_w1896_t1552821759.jpg","height":0,"width":0},"wordCount":684,"keywords":null},{"@type":"Article","@id":"https:\/\/www.ycpk.cz\/uzivejte-si-prijemneho-pocasi-diky-pergolam\/","headline":"U\u017e\u00edvejte si p\u0159\u00edjemn\u00e9ho po\u010das\u00ed d\u00edky pergol\u00e1m","url":"https:\/\/www.ycpk.cz\/uzivejte-si-prijemneho-pocasi-diky-pergolam\/","datePublished":"2025-03-01","dateModified":"2023-05-01","mainEntityOfPage":"https:\/\/www.ycpk.cz\/uzivejte-si-prijemneho-pocasi-diky-pergolam\/","author":{"@type":"Person","@id":"https:\/\/www.ycpk.cz\/author\/devene\/#Person","name":"devene","url":"https:\/\/www.ycpk.cz\/author\/devene\/","identifier":1,"image":{"@type":"ImageObject","@id":"https:\/\/secure.gravatar.com\/avatar\/fb50772173929303fbe6024f179e4dd9837c71f6efc661bdb046860d442d05b5?s=96&d=mm&r=g","url":"https:\/\/secure.gravatar.com\/avatar\/fb50772173929303fbe6024f179e4dd9837c71f6efc661bdb046860d442d05b5?s=96&d=mm&r=g","height":96,"width":96}},"publisher":{"@type":"Organization","name":"ycpk.cz","logo":{"@type":"ImageObject","@id":"\/logo.png","url":"\/logo.png","width":600,"height":60}},"image":{"@type":"ImageObject","@id":"https:\/\/www.ycpk.cz\/wp-content\/uploads\/img_a302073_w2212_t1512055046.jpg","url":"https:\/\/www.ycpk.cz\/wp-content\/uploads\/img_a302073_w2212_t1512055046.jpg","height":0,"width":0},"wordCount":507,"keywords":null},{"@type":"Article","@id":"https:\/\/www.ycpk.cz\/uzivejte-kulturniho-deni-i-s-prichazejicim-podzimem\/","headline":"U\u017e\u00edvejte kulturn\u00edho d\u011bn\u00ed i s p\u0159ich\u00e1zej\u00edc\u00edm podzimem","url":"https:\/\/www.ycpk.cz\/uzivejte-kulturniho-deni-i-s-prichazejicim-podzimem\/","datePublished":"2025-02-28","dateModified":"2023-05-01","mainEntityOfPage":"https:\/\/www.ycpk.cz\/uzivejte-kulturniho-deni-i-s-prichazejicim-podzimem\/","author":{"@type":"Person","@id":"https:\/\/www.ycpk.cz\/author\/devene\/#Person","name":"devene","url":"https:\/\/www.ycpk.cz\/author\/devene\/","identifier":1,"image":{"@type":"ImageObject","@id":"https:\/\/secure.gravatar.com\/avatar\/fb50772173929303fbe6024f179e4dd9837c71f6efc661bdb046860d442d05b5?s=96&d=mm&r=g","url":"https:\/\/secure.gravatar.com\/avatar\/fb50772173929303fbe6024f179e4dd9837c71f6efc661bdb046860d442d05b5?s=96&d=mm&r=g","height":96,"width":96}},"publisher":{"@type":"Organization","name":"ycpk.cz","logo":{"@type":"ImageObject","@id":"\/logo.png","url":"\/logo.png","width":600,"height":60}},"image":{"@type":"ImageObject","@id":"https:\/\/www.ycpk.cz\/wp-content\/uploads\/img_a294303_w2293_t1506247128.jpg","url":"https:\/\/www.ycpk.cz\/wp-content\/uploads\/img_a294303_w2293_t1506247128.jpg","height":0,"width":0},"wordCount":588,"keywords":null},{"@type":"Article","@id":"https:\/\/www.ycpk.cz\/recyklace-hlinikoveho-odpadu-vyzaduje-urcita-pravidla\/","headline":"Recyklace hlin\u00edkov\u00e9ho odpadu vy\u017eaduje ur\u010dit\u00e1 pravidla","url":"https:\/\/www.ycpk.cz\/recyklace-hlinikoveho-odpadu-vyzaduje-urcita-pravidla\/","datePublished":"2025-02-28","dateModified":"2023-05-01","mainEntityOfPage":"https:\/\/www.ycpk.cz\/recyklace-hlinikoveho-odpadu-vyzaduje-urcita-pravidla\/","author":{"@type":"Person","@id":"https:\/\/www.ycpk.cz\/author\/devene\/#Person","name":"devene","url":"https:\/\/www.ycpk.cz\/author\/devene\/","identifier":1,"image":{"@type":"ImageObject","@id":"https:\/\/secure.gravatar.com\/avatar\/fb50772173929303fbe6024f179e4dd9837c71f6efc661bdb046860d442d05b5?s=96&d=mm&r=g","url":"https:\/\/secure.gravatar.com\/avatar\/fb50772173929303fbe6024f179e4dd9837c71f6efc661bdb046860d442d05b5?s=96&d=mm&r=g","height":96,"width":96}},"publisher":{"@type":"Organization","name":"ycpk.cz","logo":{"@type":"ImageObject","@id":"\/logo.png","url":"\/logo.png","width":600,"height":60}},"image":{"@type":"ImageObject","@id":"https:\/\/www.ycpk.cz\/wp-content\/uploads\/img_a308311_w2027_t1519417418.jpg","url":"https:\/\/www.ycpk.cz\/wp-content\/uploads\/img_a308311_w2027_t1519417418.jpg","height":0,"width":0},"wordCount":482,"keywords":null},{"@type":"Article","@id":"https:\/\/www.ycpk.cz\/jak-porozumet-kralici-reci\/","headline":"Jak porozum\u011bt kr\u00e1li\u010d\u00ed \u0159e\u010di?","url":"https:\/\/www.ycpk.cz\/jak-porozumet-kralici-reci\/","datePublished":"2025-02-27","dateModified":"2023-05-01","mainEntityOfPage":"https:\/\/www.ycpk.cz\/jak-porozumet-kralici-reci\/","author":{"@type":"Person","@id":"https:\/\/www.ycpk.cz\/author\/devene\/#Person","name":"devene","url":"https:\/\/www.ycpk.cz\/author\/devene\/","identifier":1,"image":{"@type":"ImageObject","@id":"https:\/\/secure.gravatar.com\/avatar\/fb50772173929303fbe6024f179e4dd9837c71f6efc661bdb046860d442d05b5?s=96&d=mm&r=g","url":"https:\/\/secure.gravatar.com\/avatar\/fb50772173929303fbe6024f179e4dd9837c71f6efc661bdb046860d442d05b5?s=96&d=mm&r=g","height":96,"width":96}},"publisher":{"@type":"Organization","name":"ycpk.cz","logo":{"@type":"ImageObject","@id":"\/logo.png","url":"\/logo.png","width":600,"height":60}},"image":{"@type":"ImageObject","@id":"https:\/\/www.ycpk.cz\/wp-content\/uploads\/img_a288473_w2032_t1498830086.jpg","url":"https:\/\/www.ycpk.cz\/wp-content\/uploads\/img_a288473_w2032_t1498830086.jpg","height":0,"width":0},"wordCount":661,"keywords":null},{"@type":"Article","@id":"https:\/\/www.ycpk.cz\/mate-radi-kocky-ale-nemuzete-je-mit-doma-zajdete-si-do-kocici-kavarny\/","headline":"M\u00e1te r\u00e1di ko\u010dky, ale nem\u016f\u017eete je m\u00edt doma? Zajd\u011bte si do ko\u010di\u010d\u00ed kav\u00e1rny","url":"https:\/\/www.ycpk.cz\/mate-radi-kocky-ale-nemuzete-je-mit-doma-zajdete-si-do-kocici-kavarny\/","datePublished":"2025-02-27","dateModified":"2023-05-01","mainEntityOfPage":"https:\/\/www.ycpk.cz\/mate-radi-kocky-ale-nemuzete-je-mit-doma-zajdete-si-do-kocici-kavarny\/","author":{"@type":"Person","@id":"https:\/\/www.ycpk.cz\/author\/devene\/#Person","name":"devene","url":"https:\/\/www.ycpk.cz\/author\/devene\/","identifier":1,"image":{"@type":"ImageObject","@id":"https:\/\/secure.gravatar.com\/avatar\/fb50772173929303fbe6024f179e4dd9837c71f6efc661bdb046860d442d05b5?s=96&d=mm&r=g","url":"https:\/\/secure.gravatar.com\/avatar\/fb50772173929303fbe6024f179e4dd9837c71f6efc661bdb046860d442d05b5?s=96&d=mm&r=g","height":96,"width":96}},"publisher":{"@type":"Organization","name":"ycpk.cz","logo":{"@type":"ImageObject","@id":"\/logo.png","url":"\/logo.png","width":600,"height":60}},"image":{"@type":"ImageObject","@id":"https:\/\/www.ycpk.cz\/wp-content\/uploads\/img_a291101_w2369_t1503908718.jpg","url":"https:\/\/www.ycpk.cz\/wp-content\/uploads\/img_a291101_w2369_t1503908718.jpg","height":0,"width":0},"wordCount":469,"keywords":null},{"@type":"Article","@id":"https:\/\/www.ycpk.cz\/ceske-pivo-je-stale-in\/","headline":"\u010cesk\u00e9 pivo je st\u00e1le in","url":"https:\/\/www.ycpk.cz\/ceske-pivo-je-stale-in\/","datePublished":"2025-02-27","dateModified":"2025-02-27","mainEntityOfPage":"https:\/\/www.ycpk.cz\/ceske-pivo-je-stale-in\/","author":{"@type":"Person","@id":"https:\/\/www.ycpk.cz\/author\/devene\/#Person","name":"devene","url":"https:\/\/www.ycpk.cz\/author\/devene\/","identifier":1,"image":{"@type":"ImageObject","@id":"https:\/\/secure.gravatar.com\/avatar\/fb50772173929303fbe6024f179e4dd9837c71f6efc661bdb046860d442d05b5?s=96&d=mm&r=g","url":"https:\/\/secure.gravatar.com\/avatar\/fb50772173929303fbe6024f179e4dd9837c71f6efc661bdb046860d442d05b5?s=96&d=mm&r=g","height":96,"width":96}},"publisher":{"@type":"Organization","name":"ycpk.cz","logo":{"@type":"ImageObject","@id":"\/logo.png","url":"\/logo.png","width":600,"height":60}},"image":{"@type":"ImageObject","@id":"https:\/\/www.ycpk.cz\/wp-content\/uploads\/img_a309133_w2091_t1520095281.jpg","url":"https:\/\/www.ycpk.cz\/wp-content\/uploads\/img_a309133_w2091_t1520095281.jpg","height":0,"width":0},"wordCount":452,"keywords":null},{"@type":"Article","@id":"https:\/\/www.ycpk.cz\/zivot-bez-plastu-je-nejtezsi\/","headline":"\u017divot bez plast\u016f je nejt\u011b\u017e\u0161\u00ed","url":"https:\/\/www.ycpk.cz\/zivot-bez-plastu-je-nejtezsi\/","datePublished":"2025-02-27","dateModified":"2023-05-01","mainEntityOfPage":"https:\/\/www.ycpk.cz\/zivot-bez-plastu-je-nejtezsi\/","author":{"@type":"Person","@id":"https:\/\/www.ycpk.cz\/author\/devene\/#Person","name":"devene","url":"https:\/\/www.ycpk.cz\/author\/devene\/","identifier":1,"image":{"@type":"ImageObject","@id":"https:\/\/secure.gravatar.com\/avatar\/fb50772173929303fbe6024f179e4dd9837c71f6efc661bdb046860d442d05b5?s=96&d=mm&r=g","url":"https:\/\/secure.gravatar.com\/avatar\/fb50772173929303fbe6024f179e4dd9837c71f6efc661bdb046860d442d05b5?s=96&d=mm&r=g","height":96,"width":96}},"publisher":{"@type":"Organization","name":"ycpk.cz","logo":{"@type":"ImageObject","@id":"\/logo.png","url":"\/logo.png","width":600,"height":60}},"image":{"@type":"ImageObject","@id":"https:\/\/www.ycpk.cz\/wp-content\/uploads\/img_a327894_w2176_t1540314856.png","url":"https:\/\/www.ycpk.cz\/wp-content\/uploads\/img_a327894_w2176_t1540314856.png","height":0,"width":0},"wordCount":537,"keywords":null},{"@type":"Article","@id":"https:\/\/www.ycpk.cz\/poradentstvi-v-reklame\/","headline":"Poradentstv\u00ed v reklam\u011b","url":"https:\/\/www.ycpk.cz\/poradentstvi-v-reklame\/","datePublished":"2025-02-27","dateModified":"2025-02-27","mainEntityOfPage":"https:\/\/www.ycpk.cz\/poradentstvi-v-reklame\/","author":{"@type":"Person","@id":"https:\/\/www.ycpk.cz\/author\/devene\/#Person","name":"devene","url":"https:\/\/www.ycpk.cz\/author\/devene\/","identifier":1,"image":{"@type":"ImageObject","@id":"https:\/\/secure.gravatar.com\/avatar\/fb50772173929303fbe6024f179e4dd9837c71f6efc661bdb046860d442d05b5?s=96&d=mm&r=g","url":"https:\/\/secure.gravatar.com\/avatar\/fb50772173929303fbe6024f179e4dd9837c71f6efc661bdb046860d442d05b5?s=96&d=mm&r=g","height":96,"width":96}},"publisher":{"@type":"Organization","name":"ycpk.cz","logo":{"@type":"ImageObject","@id":"\/logo.png","url":"\/logo.png","width":600,"height":60}},"image":null,"wordCount":194,"keywords":null}]},{"@context":"https:\/\/schema.org","@type":"WebSite","@id":"https:\/\/www.ycpk.cz\/#website","name":"Ycpk","url":"https:\/\/www.ycpk.cz","potentialAction":{"@type":"SearchAction","target":"https:\/\/www.ycpk.cz\/?s={search_term_string}","query-input":"required name=search_term_string"}}]